{"id":234498,"date":"2025-06-18T21:41:06","date_gmt":"2025-06-18T21:41:06","guid":{"rendered":"https:\/\/saltavecinal.com\/?p=234498"},"modified":"2025-06-19T00:41:24","modified_gmt":"2025-06-19T00:41:24","slug":"fabrica-municipal-abre-taller-de-carpinteria","status":"publish","type":"post","link":"https:\/\/saltavecinal.com\/index.php\/2025\/06\/18\/fabrica-municipal-abre-taller-de-carpinteria\/","title":{"rendered":"F\u00e1brica Municipal abre taller de carpinter\u00eda"},"content":{"rendered":"<p>El municipio capitalino puso en marcha un nuevo taller de carpinter\u00eda en la F\u00e1brica Municipal de Oficios, destinado a emprendedores que trabajan la madera. <strong>El espacio cuenta con herramientas y maquinarias que pueden usar gratuitamente, solo deben llevar su propia materia prima para crear muebles, objetos decorativos y m\u00e1s.<\/strong><\/p>\n<p><!--more--><\/p>\n<p>Claudia Vilte, coordinadora de la Escuela de Emprendedores, explic\u00f3 que <strong>el taller funciona de lunes a viernes, de 8 a 20<\/strong>, y que los turnos se solicitan por tel\u00e9fono o redes sociales. Adem\u00e1s, destac\u00f3 que se est\u00e1 ampliando la cocina para apoyar a los emprendedores gastron\u00f3micos con nuevos materiales y espacio.<\/p>\n<p>Para facilitar la participaci\u00f3n de los vecinos, la F\u00e1brica tambi\u00e9n ofrece una guarder\u00eda donde los ni\u00f1os de 3 a 12 a\u00f1os quedan cuidados mientras sus padres trabajan en los talleres. Vilte invita a conocer m\u00e1s sobre este espacio que sigue creciendo y apoyando a los salte\u00f1os.<\/p>\n<p><iframe loading=\"lazy\" title=\"F\u00e1brica Municipal abre taller de carpinter\u00eda\" width=\"696\" height=\"522\" src=\"https:\/\/www.youtube.com\/embed\/7hM9Ipu_o6s?feature=oembed\" frameborder=\"0\" allow=\"accelerometer; autoplay; clipboard-write; encrypted-media; gyroscope; picture-in-picture; web-share\" referrerpolicy=\"strict-origin-when-cross-origin\" allowfullscreen><\/iframe><\/p>\n","protected":false},"excerpt":{"rendered":"<p>El municipio capitalino puso en marcha un nuevo taller de carpinter\u00eda en la F\u00e1brica Municipal de Oficios, destinado a emprendedores que trabajan la madera. El espacio cuenta con herramientas y maquinarias que pueden usar gratuitamente, solo deben llevar su propia materia prima para crear muebles, objetos decorativos y m\u00e1s.<\/p>\n","protected":false},"author":3,"featured_media":234493,"comment_status":"open","ping_status":"open","sticky":false,"template":"","format":"video","meta":{"footnotes":""},"categories":[246],"tags":[787,93,578,83,122,786],"class_list":{"0":"post-234498","1":"post","2":"type-post","3":"status-publish","4":"format-video","5":"has-post-thumbnail","7":"category-videos","8":"tag-aprendizaje","9":"tag-carpinteria","10":"tag-educacion","11":"tag-emprendedores","12":"tag-escuela","13":"tag-oficios","14":"post_format-post-format-video"},"_links":{"self":[{"href":"https:\/\/saltavecinal.com\/index.php\/wp-json\/wp\/v2\/posts\/234498"}],"collection":[{"href":"https:\/\/saltavecinal.com\/index.php\/wp-json\/wp\/v2\/posts"}],"about":[{"href":"https:\/\/saltavecinal.com\/index.php\/wp-json\/wp\/v2\/types\/post"}],"author":[{"embeddable":true,"href":"https:\/\/saltavecinal.com\/index.php\/wp-json\/wp\/v2\/users\/3"}],"replies":[{"embeddable":true,"href":"https:\/\/saltavecinal.com\/index.php\/wp-json\/wp\/v2\/comments?post=234498"}],"version-history":[{"count":1,"href":"https:\/\/saltavecinal.com\/index.php\/wp-json\/wp\/v2\/posts\/234498\/revisions"}],"predecessor-version":[{"id":234499,"href":"https:\/\/saltavecinal.com\/index.php\/wp-json\/wp\/v2\/posts\/234498\/revisions\/234499"}],"wp:featuredmedia":[{"embeddable":true,"href":"https:\/\/saltavecinal.com\/index.php\/wp-json\/wp\/v2\/media\/234493"}],"wp:attachment":[{"href":"https:\/\/saltavecinal.com\/index.php\/wp-json\/wp\/v2\/media?parent=234498"}],"wp:term":[{"taxonomy":"category","embeddable":true,"href":"https:\/\/saltavecinal.com\/index.php\/wp-json\/wp\/v2\/categories?post=234498"},{"taxonomy":"post_tag","embeddable":true,"href":"https:\/\/saltavecinal.com\/index.php\/wp-json\/wp\/v2\/tags?post=234498"}],"curies":[{"name":"wp","href":"https:\/\/api.w.org\/{rel}","templated":true}]}}