{"id":234500,"date":"2025-06-18T21:46:29","date_gmt":"2025-06-18T21:46:29","guid":{"rendered":"https:\/\/saltavecinal.com\/?p=234500"},"modified":"2025-06-19T00:46:33","modified_gmt":"2025-06-19T00:46:33","slug":"desfile-en-la-merced-en-homenaje-al-heroe-gaucho","status":"publish","type":"post","link":"https:\/\/saltavecinal.com\/index.php\/2025\/06\/18\/desfile-en-la-merced-en-homenaje-al-heroe-gaucho\/","title":{"rendered":"Desfile en La Merced en homenaje al h\u00e9roe gaucho"},"content":{"rendered":"<p>En el aniversario del fallecimiento del general Mart\u00edn Miguel de G\u00fcemes, <strong>vecinos de Barrio G\u00fcemes en La Merced realizaron un desfile para recordar y honrar su legado<\/strong>.<\/p>\n<p>Para salte\u00f1os y salte\u00f1as, G\u00fcemes simboliza el coraje, la resistencia y el amor por nuestra tierra.<\/p>\n<p><iframe loading=\"lazy\" title=\"Desfile en Barrio G\u00fcemes en homenaje al h\u00e9roe gaucho\" width=\"696\" height=\"392\" src=\"https:\/\/www.youtube.com\/embed\/11h3Y1KHAzs?feature=oembed\" frameborder=\"0\" allow=\"accelerometer; autoplay; clipboard-write; encrypted-media; gyroscope; picture-in-picture; web-share\" referrerpolicy=\"strict-origin-when-cross-origin\" allowfullscreen><\/iframe><\/p>\n","protected":false},"excerpt":{"rendered":"<p>En el aniversario del fallecimiento del general Mart\u00edn Miguel de G\u00fcemes, vecinos de Barrio G\u00fcemes en La Merced realizaron un desfile para recordar y honrar su legado. Para salte\u00f1os y salte\u00f1as, G\u00fcemes simboliza el coraje, la resistencia y el amor por nuestra tierra.<\/p>\n","protected":false},"author":3,"featured_media":234494,"comment_status":"open","ping_status":"open","sticky":false,"template":"","format":"video","meta":{"footnotes":""},"categories":[246],"tags":[121,788,789],"class_list":{"0":"post-234500","1":"post","2":"type-post","3":"status-publish","4":"format-video","5":"has-post-thumbnail","7":"category-videos","8":"tag-aniversario","9":"tag-desfile","10":"tag-guemes","11":"post_format-post-format-video"},"_links":{"self":[{"href":"https:\/\/saltavecinal.com\/index.php\/wp-json\/wp\/v2\/posts\/234500"}],"collection":[{"href":"https:\/\/saltavecinal.com\/index.php\/wp-json\/wp\/v2\/posts"}],"about":[{"href":"https:\/\/saltavecinal.com\/index.php\/wp-json\/wp\/v2\/types\/post"}],"author":[{"embeddable":true,"href":"https:\/\/saltavecinal.com\/index.php\/wp-json\/wp\/v2\/users\/3"}],"replies":[{"embeddable":true,"href":"https:\/\/saltavecinal.com\/index.php\/wp-json\/wp\/v2\/comments?post=234500"}],"version-history":[{"count":1,"href":"https:\/\/saltavecinal.com\/index.php\/wp-json\/wp\/v2\/posts\/234500\/revisions"}],"predecessor-version":[{"id":234501,"href":"https:\/\/saltavecinal.com\/index.php\/wp-json\/wp\/v2\/posts\/234500\/revisions\/234501"}],"wp:featuredmedia":[{"embeddable":true,"href":"https:\/\/saltavecinal.com\/index.php\/wp-json\/wp\/v2\/media\/234494"}],"wp:attachment":[{"href":"https:\/\/saltavecinal.com\/index.php\/wp-json\/wp\/v2\/media?parent=234500"}],"wp:term":[{"taxonomy":"category","embeddable":true,"href":"https:\/\/saltavecinal.com\/index.php\/wp-json\/wp\/v2\/categories?post=234500"},{"taxonomy":"post_tag","embeddable":true,"href":"https:\/\/saltavecinal.com\/index.php\/wp-json\/wp\/v2\/tags?post=234500"}],"curies":[{"name":"wp","href":"https:\/\/api.w.org\/{rel}","templated":true}]}}