{"id":234536,"date":"2025-08-19T17:03:20","date_gmt":"2025-08-19T17:03:20","guid":{"rendered":"https:\/\/saltavecinal.com\/?p=234536"},"modified":"2025-08-19T20:03:42","modified_gmt":"2025-08-19T20:03:42","slug":"la-merced-apuesta-al-talento-oratoria-y-liderazgo-para-todos","status":"publish","type":"post","link":"https:\/\/saltavecinal.com\/index.php\/2025\/08\/19\/la-merced-apuesta-al-talento-oratoria-y-liderazgo-para-todos\/","title":{"rendered":"La Merced apuesta al talento: oratoria y liderazgo para todos"},"content":{"rendered":"<p>La Municipalidad de La Merced abre una puerta esperanzadora para quienes buscan mejorar sus habilidades: <strong>un taller gratuito de oratoria y liderazgo<\/strong> que se llevar\u00e1 a cabo el <strong>pr\u00f3ximo viernes 22 de agosto, de 9 a 12<\/strong>, en la Ex-Confiter\u00eda del Complejo Municipal.<\/p>\n<p><!--more--><\/p>\n<p>Este taller no solo est\u00e1 pensado para quienes desean fortalecer su comunicaci\u00f3n y crecer como l\u00edderes, sino tambi\u00e9n para quienes quieren dar un paso m\u00e1s en sus proyectos personales o profesionales. Sin duda, una <strong>oportunidad valiosa<\/strong>, sobre todo para quienes no suelen contar con este tipo de formaci\u00f3n accesible.<\/p>\n<p>La propuesta concreta de la Municipalidad \u2014espacio central, horario de ma\u00f1ana, inscripciones f\u00e1ciles en la Oficina de Desarrollo Social entre las 8:00 y las 12:30\u2014 demuestra un enfoque funcional y cercano a la gente. Es concreto, \u00fatil y nada sofisticado: justo lo que el barrio necesita para que los talentos locales encuentren herramientas sin vueltas.<\/p>\n","protected":false},"excerpt":{"rendered":"<p>La Municipalidad de La Merced abre una puerta esperanzadora para quienes buscan mejorar sus habilidades: un taller gratuito de oratoria y liderazgo que se llevar\u00e1 a cabo el pr\u00f3ximo viernes 22 de agosto, de 9 a 12, en la Ex-Confiter\u00eda del Complejo Municipal.<\/p>\n","protected":false},"author":3,"featured_media":234537,"comment_status":"open","ping_status":"open","sticky":false,"template":"","format":"standard","meta":{"footnotes":""},"categories":[247],"tags":[42,565,804,803],"class_list":{"0":"post-234536","1":"post","2":"type-post","3":"status-publish","4":"format-standard","5":"has-post-thumbnail","7":"category-metropolitana","8":"tag-capacitaciones","9":"tag-la-merced","10":"tag-liderazgo","11":"tag-oratoria"},"_links":{"self":[{"href":"https:\/\/saltavecinal.com\/index.php\/wp-json\/wp\/v2\/posts\/234536"}],"collection":[{"href":"https:\/\/saltavecinal.com\/index.php\/wp-json\/wp\/v2\/posts"}],"about":[{"href":"https:\/\/saltavecinal.com\/index.php\/wp-json\/wp\/v2\/types\/post"}],"author":[{"embeddable":true,"href":"https:\/\/saltavecinal.com\/index.php\/wp-json\/wp\/v2\/users\/3"}],"replies":[{"embeddable":true,"href":"https:\/\/saltavecinal.com\/index.php\/wp-json\/wp\/v2\/comments?post=234536"}],"version-history":[{"count":1,"href":"https:\/\/saltavecinal.com\/index.php\/wp-json\/wp\/v2\/posts\/234536\/revisions"}],"predecessor-version":[{"id":234538,"href":"https:\/\/saltavecinal.com\/index.php\/wp-json\/wp\/v2\/posts\/234536\/revisions\/234538"}],"wp:featuredmedia":[{"embeddable":true,"href":"https:\/\/saltavecinal.com\/index.php\/wp-json\/wp\/v2\/media\/234537"}],"wp:attachment":[{"href":"https:\/\/saltavecinal.com\/index.php\/wp-json\/wp\/v2\/media?parent=234536"}],"wp:term":[{"taxonomy":"category","embeddable":true,"href":"https:\/\/saltavecinal.com\/index.php\/wp-json\/wp\/v2\/categories?post=234536"},{"taxonomy":"post_tag","embeddable":true,"href":"https:\/\/saltavecinal.com\/index.php\/wp-json\/wp\/v2\/tags?post=234536"}],"curies":[{"name":"wp","href":"https:\/\/api.w.org\/{rel}","templated":true}]}}