{"id":234554,"date":"2025-08-17T20:36:26","date_gmt":"2025-08-17T20:36:26","guid":{"rendered":"https:\/\/saltavecinal.com\/?p=234554"},"modified":"2025-08-20T00:57:15","modified_gmt":"2025-08-20T00:57:15","slug":"celebracion-de-san-roque-en-el-centro-de-adopciones","status":"publish","type":"post","link":"https:\/\/saltavecinal.com\/index.php\/2025\/08\/17\/celebracion-de-san-roque-en-el-centro-de-adopciones\/","title":{"rendered":"Celebraci\u00f3n de San Roque en el Centro de Adopciones"},"content":{"rendered":"<p>El s\u00e1bado 16 de agosto, el Centro de Adopciones Municipal \u201cMat\u00edas Nicol\u00e1s Mancilla\u201d celebr\u00f3 a San Roque, patrono de los animales, con una misa y procesi\u00f3n en la que participaron voluntarios, personal del centro y visitantes. Durante la jornada, los <strong>perros albergados recibieron una comida especial y paseos<\/strong>, en un ambiente que promovi\u00f3 la tenencia responsable y el cari\u00f1o hacia los animales.<\/p>\n<p><!--more--><\/p>\n<p>Brindaron testimonios<strong> Pablo D\u00edaz, director del centro, y Marcos Algorta, sacerdote<\/strong> y adoptante de Petunia. D\u00edaz destac\u00f3 la importancia de la jornada para promover la tenencia responsable y el amor hacia los animales, mientras que Algorta ofici\u00f3 una misa y realiz\u00f3 una bendici\u00f3n individual a cada perro albergado.<\/p>\n<p><iframe loading=\"lazy\" title=\"Celebraron a San Roque en el Centro de Adopciones\" width=\"696\" height=\"392\" src=\"https:\/\/www.youtube.com\/embed\/0j3BMPxBz5c?feature=oembed\" frameborder=\"0\" allow=\"accelerometer; autoplay; clipboard-write; encrypted-media; gyroscope; picture-in-picture; web-share\" referrerpolicy=\"strict-origin-when-cross-origin\" allowfullscreen><\/iframe><\/p>\n","protected":false},"excerpt":{"rendered":"<p>El s\u00e1bado 16 de agosto, el Centro de Adopciones Municipal \u201cMat\u00edas Nicol\u00e1s Mancilla\u201d celebr\u00f3 a San Roque, patrono de los animales, con una misa y procesi\u00f3n en la que participaron voluntarios, personal del centro y visitantes. Durante la jornada, los perros albergados recibieron una comida especial y paseos, en un ambiente que promovi\u00f3 la tenencia [&hellip;]<\/p>\n","protected":false},"author":3,"featured_media":234530,"comment_status":"open","ping_status":"open","sticky":false,"template":"","format":"video","meta":{"footnotes":""},"categories":[246],"tags":[817,305,816],"class_list":{"0":"post-234554","1":"post","2":"type-post","3":"status-publish","4":"format-video","5":"has-post-thumbnail","7":"category-videos","8":"tag-celebracion","9":"tag-perros","10":"tag-san-roque","11":"post_format-post-format-video"},"_links":{"self":[{"href":"https:\/\/saltavecinal.com\/index.php\/wp-json\/wp\/v2\/posts\/234554"}],"collection":[{"href":"https:\/\/saltavecinal.com\/index.php\/wp-json\/wp\/v2\/posts"}],"about":[{"href":"https:\/\/saltavecinal.com\/index.php\/wp-json\/wp\/v2\/types\/post"}],"author":[{"embeddable":true,"href":"https:\/\/saltavecinal.com\/index.php\/wp-json\/wp\/v2\/users\/3"}],"replies":[{"embeddable":true,"href":"https:\/\/saltavecinal.com\/index.php\/wp-json\/wp\/v2\/comments?post=234554"}],"version-history":[{"count":2,"href":"https:\/\/saltavecinal.com\/index.php\/wp-json\/wp\/v2\/posts\/234554\/revisions"}],"predecessor-version":[{"id":234557,"href":"https:\/\/saltavecinal.com\/index.php\/wp-json\/wp\/v2\/posts\/234554\/revisions\/234557"}],"wp:featuredmedia":[{"embeddable":true,"href":"https:\/\/saltavecinal.com\/index.php\/wp-json\/wp\/v2\/media\/234530"}],"wp:attachment":[{"href":"https:\/\/saltavecinal.com\/index.php\/wp-json\/wp\/v2\/media?parent=234554"}],"wp:term":[{"taxonomy":"category","embeddable":true,"href":"https:\/\/saltavecinal.com\/index.php\/wp-json\/wp\/v2\/categories?post=234554"},{"taxonomy":"post_tag","embeddable":true,"href":"https:\/\/saltavecinal.com\/index.php\/wp-json\/wp\/v2\/tags?post=234554"}],"curies":[{"name":"wp","href":"https:\/\/api.w.org\/{rel}","templated":true}]}}