{"id":234616,"date":"2025-09-30T18:07:51","date_gmt":"2025-09-30T18:07:51","guid":{"rendered":"https:\/\/saltavecinal.com\/?p=234616"},"modified":"2025-09-30T21:07:41","modified_gmt":"2025-09-30T21:07:41","slug":"asi-quedo-el-corazon-deportivo-de-tres-cerritos","status":"publish","type":"post","link":"https:\/\/saltavecinal.com\/index.php\/2025\/09\/30\/asi-quedo-el-corazon-deportivo-de-tres-cerritos\/","title":{"rendered":"As\u00ed qued\u00f3 el coraz\u00f3n deportivo de Tres Cerritos"},"content":{"rendered":"<p>Luces nuevas, canchas relucientes, juegos listos para la acci\u00f3n y senderos que invitan a moverse: <strong>la plaza Bernardo Fr\u00edas, mejor conocida como \u201cla plaza de los Deportes\u201d<\/strong>, se convirti\u00f3 en el nuevo im\u00e1n de los vecinos de Salta.<\/p>\n<p><!--more--><\/p>\n<p>Tras meses de obras, el espacio de Tres Cerritos reabri\u00f3 con un lavado de cara total. Las canchas de f\u00fatbol y b\u00e1squet ahora brillan bajo reflectores LED y cuentan con cerramiento para que la pelota deje de ser un riesgo en la calle. Las veredas internas se redise\u00f1aron para que correr, caminar o pedalear ya no sea un caos, sino <strong>una experiencia ordenada y segura.<\/strong><\/p>\n<p>La postal tambi\u00e9n suma color: juegos infantiles renovados, mobiliario urbano reci\u00e9n instalado, p\u00e9rgolas listas para refugiarse del sol y una parquizaci\u00f3n que le devuelve frescura al lugar. <strong>Todo pensado para que convivan los que buscan entrenar fuerte con quienes solo quieren pasar la tarde en familia.<\/strong><\/p>\n<p>El intendente <a href=\"https:\/\/www.instagram.com\/jmedurand\/?hl=es\"><strong>Emiliano Durand<\/strong><\/a> recorri\u00f3 la inauguraci\u00f3n junto a su equipo y vecinos que ya empezaron a estrenar el espacio. Aunque algunas \u00e1reas seguir\u00e1n valladas unos d\u00edas m\u00e1s por <strong>retoques finales<\/strong>, la plaza de los Deportes ya recuper\u00f3 lo que la hac\u00eda \u00fanica: ser el punto de encuentro donde la ciudad transpira deporte, juego y comunidad.<\/p>\n","protected":false},"excerpt":{"rendered":"<p>Luces nuevas, canchas relucientes, juegos listos para la acci\u00f3n y senderos que invitan a moverse: la plaza Bernardo Fr\u00edas, mejor conocida como \u201cla plaza de los Deportes\u201d, se convirti\u00f3 en el nuevo im\u00e1n de los vecinos de Salta.<\/p>\n","protected":false},"author":3,"featured_media":234609,"comment_status":"open","ping_status":"open","sticky":false,"template":"","format":"standard","meta":{"footnotes":""},"categories":[245],"tags":[343,458,470,338,845,249,844],"class_list":{"0":"post-234616","1":"post","2":"type-post","3":"status-publish","4":"format-standard","5":"has-post-thumbnail","7":"category-salta","8":"tag-deportes","9":"tag-emiliano-durand","10":"tag-espacios-verdes","11":"tag-plaza","12":"tag-plaza-de-los-deportes","13":"tag-salta","14":"tag-tres-cerritos"},"_links":{"self":[{"href":"https:\/\/saltavecinal.com\/index.php\/wp-json\/wp\/v2\/posts\/234616"}],"collection":[{"href":"https:\/\/saltavecinal.com\/index.php\/wp-json\/wp\/v2\/posts"}],"about":[{"href":"https:\/\/saltavecinal.com\/index.php\/wp-json\/wp\/v2\/types\/post"}],"author":[{"embeddable":true,"href":"https:\/\/saltavecinal.com\/index.php\/wp-json\/wp\/v2\/users\/3"}],"replies":[{"embeddable":true,"href":"https:\/\/saltavecinal.com\/index.php\/wp-json\/wp\/v2\/comments?post=234616"}],"version-history":[{"count":1,"href":"https:\/\/saltavecinal.com\/index.php\/wp-json\/wp\/v2\/posts\/234616\/revisions"}],"predecessor-version":[{"id":234617,"href":"https:\/\/saltavecinal.com\/index.php\/wp-json\/wp\/v2\/posts\/234616\/revisions\/234617"}],"wp:featuredmedia":[{"embeddable":true,"href":"https:\/\/saltavecinal.com\/index.php\/wp-json\/wp\/v2\/media\/234609"}],"wp:attachment":[{"href":"https:\/\/saltavecinal.com\/index.php\/wp-json\/wp\/v2\/media?parent=234616"}],"wp:term":[{"taxonomy":"category","embeddable":true,"href":"https:\/\/saltavecinal.com\/index.php\/wp-json\/wp\/v2\/categories?post=234616"},{"taxonomy":"post_tag","embeddable":true,"href":"https:\/\/saltavecinal.com\/index.php\/wp-json\/wp\/v2\/tags?post=234616"}],"curies":[{"name":"wp","href":"https:\/\/api.w.org\/{rel}","templated":true}]}}