{"id":234647,"date":"2025-10-28T19:17:00","date_gmt":"2025-10-28T19:17:00","guid":{"rendered":"https:\/\/saltavecinal.com\/?p=234647"},"modified":"2025-10-28T22:18:11","modified_gmt":"2025-10-28T22:18:11","slug":"el-cine-bajo-las-estrellas-vuelve-con-historia-gaucha","status":"publish","type":"post","link":"https:\/\/saltavecinal.com\/index.php\/2025\/10\/28\/el-cine-bajo-las-estrellas-vuelve-con-historia-gaucha\/","title":{"rendered":"El cine bajo las estrellas vuelve con historia gaucha"},"content":{"rendered":"<p>El programa Cine M\u00f3vil contin\u00faa su recorrido por los municipios salte\u00f1os y esta semana tendr\u00e1 dos paradas destacadas: Campo Quijano y Vaqueros, donde <strong>se proyectar\u00e1 el documental \u201cGaucho Gaucho\u201d<\/strong>, una obra que celebra la vida rural y las tradiciones del norte argentino.<\/p>\n<p><!--more--><\/p>\n<p>La funci\u00f3n en <strong>Campo Quijano ser\u00e1 el mi\u00e9rcoles 5 de noviembre a las 20, en la glorieta de la plaza principal<\/strong>, mientras que <strong>en Vaqueros se realizar\u00e1 el jueves 6 a las 20, en el Museo Hist\u00f3rico Municipal.<\/strong> Ambas proyecciones son con entrada libre y gratuita, invitando a vecinos y visitantes a disfrutar de una experiencia cinematogr\u00e1fica al aire libre.<\/p>\n<p>Dirigida por los realizadores Gregory Kershaw y Michael Dweck, \u201cGaucho Gaucho\u201d retrata con una est\u00e9tica en blanco y negro <strong>la vida cotidiana de los gauchos y su relaci\u00f3n con la naturaleza, el trabajo y la comunidad.<\/strong><\/p>\n<p>Con esta iniciativa, <strong>la Secretar\u00eda de Cultura busca acercar el cine a los pueblos que no cuentan con salas propias<\/strong>, fortaleciendo el acceso a la cultura y promoviendo el encuentro entre arte y territorio.<\/p>\n","protected":false},"excerpt":{"rendered":"<p>El programa Cine M\u00f3vil contin\u00faa su recorrido por los municipios salte\u00f1os y esta semana tendr\u00e1 dos paradas destacadas: Campo Quijano y Vaqueros, donde se proyectar\u00e1 el documental \u201cGaucho Gaucho\u201d, una obra que celebra la vida rural y las tradiciones del norte argentino.<\/p>\n","protected":false},"author":3,"featured_media":234648,"comment_status":"open","ping_status":"open","sticky":false,"template":"","format":"standard","meta":{"footnotes":""},"categories":[247],"tags":[869,870,417,313],"class_list":{"0":"post-234647","1":"post","2":"type-post","3":"status-publish","4":"format-standard","5":"has-post-thumbnail","7":"category-metropolitana","8":"tag-cinemovil","9":"tag-gaucho-gaucho","10":"tag-quijano","11":"tag-vaqueros"},"_links":{"self":[{"href":"https:\/\/saltavecinal.com\/index.php\/wp-json\/wp\/v2\/posts\/234647"}],"collection":[{"href":"https:\/\/saltavecinal.com\/index.php\/wp-json\/wp\/v2\/posts"}],"about":[{"href":"https:\/\/saltavecinal.com\/index.php\/wp-json\/wp\/v2\/types\/post"}],"author":[{"embeddable":true,"href":"https:\/\/saltavecinal.com\/index.php\/wp-json\/wp\/v2\/users\/3"}],"replies":[{"embeddable":true,"href":"https:\/\/saltavecinal.com\/index.php\/wp-json\/wp\/v2\/comments?post=234647"}],"version-history":[{"count":1,"href":"https:\/\/saltavecinal.com\/index.php\/wp-json\/wp\/v2\/posts\/234647\/revisions"}],"predecessor-version":[{"id":234649,"href":"https:\/\/saltavecinal.com\/index.php\/wp-json\/wp\/v2\/posts\/234647\/revisions\/234649"}],"wp:featuredmedia":[{"embeddable":true,"href":"https:\/\/saltavecinal.com\/index.php\/wp-json\/wp\/v2\/media\/234648"}],"wp:attachment":[{"href":"https:\/\/saltavecinal.com\/index.php\/wp-json\/wp\/v2\/media?parent=234647"}],"wp:term":[{"taxonomy":"category","embeddable":true,"href":"https:\/\/saltavecinal.com\/index.php\/wp-json\/wp\/v2\/categories?post=234647"},{"taxonomy":"post_tag","embeddable":true,"href":"https:\/\/saltavecinal.com\/index.php\/wp-json\/wp\/v2\/tags?post=234647"}],"curies":[{"name":"wp","href":"https:\/\/api.w.org\/{rel}","templated":true}]}}