{"id":234653,"date":"2025-10-28T19:34:56","date_gmt":"2025-10-28T19:34:56","guid":{"rendered":"https:\/\/saltavecinal.com\/?p=234653"},"modified":"2025-10-28T22:35:10","modified_gmt":"2025-10-28T22:35:10","slug":"reprograman-el-curso-de-manipulacion-de-alimentos-en-la-caldera","status":"publish","type":"post","link":"https:\/\/saltavecinal.com\/index.php\/2025\/10\/28\/reprograman-el-curso-de-manipulacion-de-alimentos-en-la-caldera\/","title":{"rendered":"Reprograman el curso de manipulaci\u00f3n de alimentos en La Caldera"},"content":{"rendered":"<p>La Municipalidad de La Caldera, a trav\u00e9s del \u00e1rea de Bromatolog\u00eda, inform\u00f3 que el curso para la renovaci\u00f3n del carnet de Manipulaci\u00f3n Segura de Alimentos <strong>se reprogram\u00f3 para el jueves 7 de noviembre, de 17 a 19 hs, en el Sal\u00f3n Municipal.<\/strong><\/p>\n<p><!--more--><\/p>\n<p>La capacitaci\u00f3n, de car\u00e1cter<strong> presencial y evaluativo<\/strong>, est\u00e1 destinada a trabajadores y emprendedores del rubro gastron\u00f3mico que necesiten actualizar su certificaci\u00f3n obligatoria. Durante la jornada se repasar\u00e1n los principales temas vinculados a la inocuidad alimentaria, prevenci\u00f3n de enfermedades de transmisi\u00f3n alimentaria y buenas pr\u00e1cticas de manipulaci\u00f3n.<\/p>\n<p><strong>Las inscripciones pueden realizarse los martes y jueves, de 7 a 13 hs, en la oficina de Bromatolog\u00eda Municipal.<\/strong> El curso incluye una hora de repaso te\u00f3rico y otra de evaluaci\u00f3n pr\u00e1ctica, con entrega posterior del certificado habilitante.<\/p>\n<p>Desde el municipio recordaron que la actualizaci\u00f3n del carnet es un requisito esencial para quienes trabajan con alimentos, ya que <strong>garantiza la seguridad y calidad sanitaria<\/strong> en los establecimientos locales.<\/p>\n","protected":false},"excerpt":{"rendered":"<p>La Municipalidad de La Caldera, a trav\u00e9s del \u00e1rea de Bromatolog\u00eda, inform\u00f3 que el curso para la renovaci\u00f3n del carnet de Manipulaci\u00f3n Segura de Alimentos se reprogram\u00f3 para el jueves 7 de noviembre, de 17 a 19 hs, en el Sal\u00f3n Municipal.<\/p>\n","protected":false},"author":3,"featured_media":234654,"comment_status":"open","ping_status":"open","sticky":false,"template":"","format":"standard","meta":{"footnotes":""},"categories":[247],"tags":[717,875,587,874],"class_list":{"0":"post-234653","1":"post","2":"type-post","3":"status-publish","4":"format-standard","5":"has-post-thumbnail","7":"category-metropolitana","8":"tag-alimentos","9":"tag-bromatologia","10":"tag-la-caldera","11":"tag-manipulacion"},"_links":{"self":[{"href":"https:\/\/saltavecinal.com\/index.php\/wp-json\/wp\/v2\/posts\/234653"}],"collection":[{"href":"https:\/\/saltavecinal.com\/index.php\/wp-json\/wp\/v2\/posts"}],"about":[{"href":"https:\/\/saltavecinal.com\/index.php\/wp-json\/wp\/v2\/types\/post"}],"author":[{"embeddable":true,"href":"https:\/\/saltavecinal.com\/index.php\/wp-json\/wp\/v2\/users\/3"}],"replies":[{"embeddable":true,"href":"https:\/\/saltavecinal.com\/index.php\/wp-json\/wp\/v2\/comments?post=234653"}],"version-history":[{"count":1,"href":"https:\/\/saltavecinal.com\/index.php\/wp-json\/wp\/v2\/posts\/234653\/revisions"}],"predecessor-version":[{"id":234655,"href":"https:\/\/saltavecinal.com\/index.php\/wp-json\/wp\/v2\/posts\/234653\/revisions\/234655"}],"wp:featuredmedia":[{"embeddable":true,"href":"https:\/\/saltavecinal.com\/index.php\/wp-json\/wp\/v2\/media\/234654"}],"wp:attachment":[{"href":"https:\/\/saltavecinal.com\/index.php\/wp-json\/wp\/v2\/media?parent=234653"}],"wp:term":[{"taxonomy":"category","embeddable":true,"href":"https:\/\/saltavecinal.com\/index.php\/wp-json\/wp\/v2\/categories?post=234653"},{"taxonomy":"post_tag","embeddable":true,"href":"https:\/\/saltavecinal.com\/index.php\/wp-json\/wp\/v2\/tags?post=234653"}],"curies":[{"name":"wp","href":"https:\/\/api.w.org\/{rel}","templated":true}]}}