{"id":234669,"date":"2025-11-25T20:04:19","date_gmt":"2025-11-25T20:04:19","guid":{"rendered":"https:\/\/saltavecinal.com\/?p=234669"},"modified":"2025-11-25T23:04:11","modified_gmt":"2025-11-25T23:04:11","slug":"el-carril-la-provincia-salvo-la-obra-en-la-escuela-castilla","status":"publish","type":"post","link":"https:\/\/saltavecinal.com\/index.php\/2025\/11\/25\/el-carril-la-provincia-salvo-la-obra-en-la-escuela-castilla\/","title":{"rendered":"El Carril: La Provincia salv\u00f3 la obra en la Escuela Castilla"},"content":{"rendered":"<p>La Provincia de Salta se puso al hombro la finalizaci\u00f3n del nuevo edificio para el Nivel Inicial de la Escuela 4.281 \u201cManuel Castilla\u201d en El Carril. <strong>El Gobierno Provincial tuvo que intervenir directamente, utilizando fondos propios para asegurar la inauguraci\u00f3n, ya que el flujo de recursos de Naci\u00f3n para la obra p\u00fablica se hab\u00eda paralizado.<\/strong> La obra, ejecutada en una superficie de 1.425 metros cuadrados, es hoy una realidad gracias a esta decisi\u00f3n pol\u00edtica de terminar el proyecto y garantizar espacios dignos para los m\u00e1s chicos del Valle de Lerma.<\/p>\n<p><!--more--><\/p>\n<p>La nueva y moderna infraestructura educativa es motivo de festejo para toda la comunidad y <strong>es un salto de calidad en la zona.<\/strong> El nuevo pabell\u00f3n cuenta con \u00e1reas de acceso diferenciadas, un hall de ingreso, galer\u00edas y una completa \u00e1rea de gobierno que incluye la Direcci\u00f3n, Administraci\u00f3n y una oficina dedicada al Gabinete Pedag\u00f3gico, un sector clave para el seguimiento integral de los estudiantes de Nivel Inicial.<\/p>\n<p><strong>La construcci\u00f3n se enfoc\u00f3 en garantizar funcionalidad y bienestar para los alumnos m\u00e1s peque\u00f1os. El edificio incorpora seis salas de clases, y un detalle fundamental: cada una de ellas posee sus propios sanitarios para los ni\u00f1os, facilitando la autonom\u00eda y la higiene.<\/strong> Adem\u00e1s, el complejo se complementa con un amplio Sal\u00f3n de Usos M\u00faltiples (SUM), una cocina bien equipada, grupos sanitarios generales y \u00e1reas de recreaci\u00f3n dise\u00f1adas espec\u00edficamente para el Nivel Inicial, como el patio de formaci\u00f3n y el patio de juegos.<\/p>\n<p>La reactivaci\u00f3n y el posterior \u00e9xito de esta obra se dan tras gestiones realizadas por el gobernador Gustavo S\u00e1enz, ante la incertidumbre generada por la interrupci\u00f3n en el env\u00edo de fondos federales. Al tomar la decisi\u00f3n de inyectar recursos provinciales, <strong>el Gobierno evit\u00f3 que la Escuela Castilla quedara a medio terminar,<\/strong> asegurando que los alumnos puedan estrenar las nuevas y c\u00f3modas instalaciones sin demoras.<\/p>\n<p>Esta finalizaci\u00f3n de obra en El Carril es un claro mensaje sobre la prioridad que el gobierno de Salta le da a la educaci\u00f3n, incluso en contextos de dificultad econ\u00f3mica y recortes nacionales. El nuevo edificio de la Escuela Castilla no solo resuelve un problema de infraestructura, sino que eleva el est\u00e1ndar de calidad educativa, beneficiando a cientos de familias que ahora tienen la certeza de que sus hijos cuentan con un espacio seguro y moderno para su desarrollo.<\/p>\n","protected":false},"excerpt":{"rendered":"<p>La Provincia de Salta se puso al hombro la finalizaci\u00f3n del nuevo edificio para el Nivel Inicial de la Escuela 4.281 \u201cManuel Castilla\u201d en El Carril. El Gobierno Provincial tuvo que intervenir directamente, utilizando fondos propios para asegurar la inauguraci\u00f3n, ya que el flujo de recursos de Naci\u00f3n para la obra p\u00fablica se hab\u00eda paralizado. [&hellip;]<\/p>\n","protected":false},"author":3,"featured_media":234658,"comment_status":"open","ping_status":"open","sticky":false,"template":"","format":"standard","meta":{"footnotes":""},"categories":[247],"tags":[883,122,884,321],"class_list":{"0":"post-234669","1":"post","2":"type-post","3":"status-publish","4":"format-standard","5":"has-post-thumbnail","7":"category-metropolitana","8":"tag-abandono-nacion-el-carril","9":"tag-escuela","10":"tag-escuela-castilla","11":"tag-obras-publicas"},"_links":{"self":[{"href":"https:\/\/saltavecinal.com\/index.php\/wp-json\/wp\/v2\/posts\/234669"}],"collection":[{"href":"https:\/\/saltavecinal.com\/index.php\/wp-json\/wp\/v2\/posts"}],"about":[{"href":"https:\/\/saltavecinal.com\/index.php\/wp-json\/wp\/v2\/types\/post"}],"author":[{"embeddable":true,"href":"https:\/\/saltavecinal.com\/index.php\/wp-json\/wp\/v2\/users\/3"}],"replies":[{"embeddable":true,"href":"https:\/\/saltavecinal.com\/index.php\/wp-json\/wp\/v2\/comments?post=234669"}],"version-history":[{"count":1,"href":"https:\/\/saltavecinal.com\/index.php\/wp-json\/wp\/v2\/posts\/234669\/revisions"}],"predecessor-version":[{"id":234670,"href":"https:\/\/saltavecinal.com\/index.php\/wp-json\/wp\/v2\/posts\/234669\/revisions\/234670"}],"wp:featuredmedia":[{"embeddable":true,"href":"https:\/\/saltavecinal.com\/index.php\/wp-json\/wp\/v2\/media\/234658"}],"wp:attachment":[{"href":"https:\/\/saltavecinal.com\/index.php\/wp-json\/wp\/v2\/media?parent=234669"}],"wp:term":[{"taxonomy":"category","embeddable":true,"href":"https:\/\/saltavecinal.com\/index.php\/wp-json\/wp\/v2\/categories?post=234669"},{"taxonomy":"post_tag","embeddable":true,"href":"https:\/\/saltavecinal.com\/index.php\/wp-json\/wp\/v2\/tags?post=234669"}],"curies":[{"name":"wp","href":"https:\/\/api.w.org\/{rel}","templated":true}]}}