{"id":234689,"date":"2025-12-04T17:44:34","date_gmt":"2025-12-04T17:44:34","guid":{"rendered":"https:\/\/saltavecinal.com\/?p=234689"},"modified":"2025-12-04T20:44:07","modified_gmt":"2025-12-04T20:44:07","slug":"uber-llega-al-valle-de-lerma","status":"publish","type":"post","link":"https:\/\/saltavecinal.com\/index.php\/2025\/12\/04\/uber-llega-al-valle-de-lerma\/","title":{"rendered":"Uber llega al Valle de Lerma"},"content":{"rendered":"<p>El servicio Uber \u2014y otras apps similares\u2014 finalmente se hizo lugar en el mapa del transporte del Valle de Lerma: <strong>los municipios Cerrillos, Rosario de Lerma y La Caldera aprobaron esta semana normativas<\/strong> que legalizan su funcionamiento.<\/p>\n<p><!--more--><\/p>\n<p>La ordenanza sancionada regula c\u00f3mo deben operar los choferes, qu\u00e9 requisitos deben cumplir sus veh\u00edculos y pone l\u00edmites claros que los taxis tradicionales ven\u00edan exigiendo. El argumento oficial: <strong>dar marco legal a algo que \u201cya circulaba\u201d sin reglas.<\/strong><\/p>\n<p>Para muchos vecinos, es una buena noticia: se ampl\u00edan las opciones de movilidad, especialmente por la noche o hacia zonas poco cubiertas por colectivos. Pero algunos remiseros \u2014y parte del sector del volante\u2014 ya levantan la guardia: temen desigualdades de condiciones y competencia injusta.<\/p>\n<p>Queda por ver si esta \u201clegalizaci\u00f3n\u201d reduce los viajes informales sin habilitaci\u00f3n y mejora el transporte de a diario\u2026 o si termina siendo, como otras promesas, un parche mientras nadie controla realmente el asfalto del Valle.<\/p>\n","protected":false},"excerpt":{"rendered":"<p>El servicio Uber \u2014y otras apps similares\u2014 finalmente se hizo lugar en el mapa del transporte del Valle de Lerma: los municipios Cerrillos, Rosario de Lerma y La Caldera aprobaron esta semana normativas que legalizan su funcionamiento.<\/p>\n","protected":false},"author":3,"featured_media":234676,"comment_status":"open","ping_status":"open","sticky":false,"template":"","format":"standard","meta":{"footnotes":""},"categories":[247],"tags":[469,297,587,492,349,897],"class_list":{"0":"post-234689","1":"post","2":"type-post","3":"status-publish","4":"format-standard","5":"has-post-thumbnail","7":"category-metropolitana","8":"tag-autos","9":"tag-cerrillos","10":"tag-la-caldera","11":"tag-motos","12":"tag-rosario-de-lerma","13":"tag-uber"},"_links":{"self":[{"href":"https:\/\/saltavecinal.com\/index.php\/wp-json\/wp\/v2\/posts\/234689"}],"collection":[{"href":"https:\/\/saltavecinal.com\/index.php\/wp-json\/wp\/v2\/posts"}],"about":[{"href":"https:\/\/saltavecinal.com\/index.php\/wp-json\/wp\/v2\/types\/post"}],"author":[{"embeddable":true,"href":"https:\/\/saltavecinal.com\/index.php\/wp-json\/wp\/v2\/users\/3"}],"replies":[{"embeddable":true,"href":"https:\/\/saltavecinal.com\/index.php\/wp-json\/wp\/v2\/comments?post=234689"}],"version-history":[{"count":1,"href":"https:\/\/saltavecinal.com\/index.php\/wp-json\/wp\/v2\/posts\/234689\/revisions"}],"predecessor-version":[{"id":234690,"href":"https:\/\/saltavecinal.com\/index.php\/wp-json\/wp\/v2\/posts\/234689\/revisions\/234690"}],"wp:featuredmedia":[{"embeddable":true,"href":"https:\/\/saltavecinal.com\/index.php\/wp-json\/wp\/v2\/media\/234676"}],"wp:attachment":[{"href":"https:\/\/saltavecinal.com\/index.php\/wp-json\/wp\/v2\/media?parent=234689"}],"wp:term":[{"taxonomy":"category","embeddable":true,"href":"https:\/\/saltavecinal.com\/index.php\/wp-json\/wp\/v2\/categories?post=234689"},{"taxonomy":"post_tag","embeddable":true,"href":"https:\/\/saltavecinal.com\/index.php\/wp-json\/wp\/v2\/tags?post=234689"}],"curies":[{"name":"wp","href":"https:\/\/api.w.org\/{rel}","templated":true}]}}