{"id":234871,"date":"2026-08-31T22:04:48","date_gmt":"2026-08-31T22:04:48","guid":{"rendered":"https:\/\/saltavecinal.com\/?p=234871"},"modified":"2026-09-02T01:04:26","modified_gmt":"2026-09-02T01:04:26","slug":"comenzaron-las-inscripciones-para-aspirantes-a-guardavidas-en-los-balnearios-municipales","status":"publish","type":"post","link":"https:\/\/saltavecinal.com\/index.php\/2026\/08\/31\/comenzaron-las-inscripciones-para-aspirantes-a-guardavidas-en-los-balnearios-municipales\/","title":{"rendered":"Comenzaron las inscripciones para aspirantes a guardavidas en los balnearios municipales"},"content":{"rendered":"<p data-path-to-node=\"5\">Aunque faltan meses para los d\u00edas de calor sofocante, la Municipalidad de Salta ya se puso las pilas y empez\u00f3 a diagramar la temporada de piletas 2026\/2027. A trav\u00e9s de la Agencia Salta Deportes, qued\u00f3 oficialmente abierta la convocatoria para contratar a los <b data-path-to-node=\"5\" data-index-in-node=\"260\">guardavidas que custodiar\u00e1n los balnearios municipales<\/b> durante el pr\u00f3ximo verano.<\/p>\n<p data-path-to-node=\"6\">Los aspirantes tienen tiempo de presentar la documentaci\u00f3n requerida hasta el <b data-path-to-node=\"6\" data-index-in-node=\"78\">1\u00b0 de octubre<\/b>, de lunes a viernes en el horario de 9:00 a 13:00 hs. Entre los requisitos excluyentes se exige ser mayor de 18 a\u00f1os, contar con residencia en Salta Capital, certificado de aptitud f\u00edsica al d\u00eda, antecedentes penales provinciales y t\u00edtulo secundario (o constancia de estar cursando el \u00faltimo a\u00f1o).<\/p>\n<p data-path-to-node=\"7\">El tr\u00e1mite es estrictamente presencial y busca garantizar equipos preparados en primeros auxilios y salvamento antes de la reapertura de los natatorios. Si te la banc\u00e1s en el agua y quer\u00e9s sumar un trabajo de verano clave para la comunidad, <b data-path-to-node=\"7\" data-index-in-node=\"241\">prepar\u00e1 el curr\u00edculum y no dejes pasar la fecha<\/b>.<\/p>\n","protected":false},"excerpt":{"rendered":"<p>Aunque faltan meses para los d\u00edas de calor sofocante, la Municipalidad de Salta ya se puso las pilas y empez\u00f3 a diagramar la temporada de piletas 2026\/2027. A trav\u00e9s de la Agencia Salta Deportes, qued\u00f3 oficialmente abierta la convocatoria para contratar a los guardavidas que custodiar\u00e1n los balnearios municipales durante el pr\u00f3ximo verano. Los aspirantes [&hellip;]<\/p>\n","protected":false},"author":3,"featured_media":234872,"comment_status":"open","ping_status":"open","sticky":false,"template":"","format":"standard","meta":{"footnotes":""},"categories":[245],"tags":[1002,1003,249,657,907],"class_list":{"0":"post-234871","1":"post","2":"type-post","3":"status-publish","4":"format-standard","5":"has-post-thumbnail","7":"category-salta","8":"tag-balnearios","9":"tag-guardavidas","10":"tag-salta","11":"tag-seguridad","12":"tag-verano"},"_links":{"self":[{"href":"https:\/\/saltavecinal.com\/index.php\/wp-json\/wp\/v2\/posts\/234871"}],"collection":[{"href":"https:\/\/saltavecinal.com\/index.php\/wp-json\/wp\/v2\/posts"}],"about":[{"href":"https:\/\/saltavecinal.com\/index.php\/wp-json\/wp\/v2\/types\/post"}],"author":[{"embeddable":true,"href":"https:\/\/saltavecinal.com\/index.php\/wp-json\/wp\/v2\/users\/3"}],"replies":[{"embeddable":true,"href":"https:\/\/saltavecinal.com\/index.php\/wp-json\/wp\/v2\/comments?post=234871"}],"version-history":[{"count":1,"href":"https:\/\/saltavecinal.com\/index.php\/wp-json\/wp\/v2\/posts\/234871\/revisions"}],"predecessor-version":[{"id":234873,"href":"https:\/\/saltavecinal.com\/index.php\/wp-json\/wp\/v2\/posts\/234871\/revisions\/234873"}],"wp:featuredmedia":[{"embeddable":true,"href":"https:\/\/saltavecinal.com\/index.php\/wp-json\/wp\/v2\/media\/234872"}],"wp:attachment":[{"href":"https:\/\/saltavecinal.com\/index.php\/wp-json\/wp\/v2\/media?parent=234871"}],"wp:term":[{"taxonomy":"category","embeddable":true,"href":"https:\/\/saltavecinal.com\/index.php\/wp-json\/wp\/v2\/categories?post=234871"},{"taxonomy":"post_tag","embeddable":true,"href":"https:\/\/saltavecinal.com\/index.php\/wp-json\/wp\/v2\/tags?post=234871"}],"curies":[{"name":"wp","href":"https:\/\/api.w.org\/{rel}","templated":true}]}}